{"id":3141,"global_id":"www.prevenciocolonbcn.org\/ca?id=3141","global_id_lineage":["www.prevenciocolonbcn.org\/ca?id=3141"],"author":"3","status":"publish","date":"2025-07-10 09:00:57","date_utc":"2025-07-10 09:00:57","modified":"2025-12-09 12:53:07","modified_utc":"2025-12-09 12:53:07","url":"https:\/\/www.prevenciocolonbcn.org\/ca\/event\/https-bit-ly-4rjgnxl\/","rest_url":"https:\/\/www.prevenciocolonbcn.org\/ca\/wp-json\/tribe\/events\/v1\/events\/3141","title":"Inici del Programa a Vallcarca (5a ronda)","description":"<p>A mitjans de juliol s\u2019inicia l\u2019activitat del Programa a Vallcarca (6D).<\/p>\n<p>Des de mitjans d&#8217;agost de 2025 i fins a gener de 2025 es convida a tots els homes i dones de 50 a 69 anys que visquin a Vallcarca. Rebran una carta per a participar en el Programa.<\/p>\n<p>Juntament amb la carta d\u2019invitaci\u00f3 s\u2019envia el llistat de farm\u00e0cies adherides al Programa en aquest barri, a les quals es pot anar a recollir a la farm\u00e0cia m\u00e9s propera la prova i les instruccions (a sota trobareu l\u2019enlla\u00e7 al llistat en format PDF). La prova es realitza a casa de forma c\u00f2moda i senzilla i cal retornar-la a la farm\u00e0cia.<\/p>\n<p>Una vegada analitzades les proves es comunicaran els resultats mitjan\u00e7ant carta o trucada telef\u00f2nica.<\/p>\n<p>Per la vostra salut, participeu-hi!<\/p>\n<ul>\n<li><a href=\"https:\/\/bit.ly\/4rJGnxl\" target=\"_blank\" rel=\"noopener\">Llistat de les farm\u00e0cies de Vallcarca<\/a><\/li>\n<\/ul>\n<p><\/p>","excerpt":"","slug":"https-bit-ly-4rjgnxl","image":false,"all_day":true,"start_date":"2025-12-09 00:00:00","start_date_details":{"year":"2025","month":"12","day":"09","hour":"00","minutes":"00","seconds":"00"},"end_date":"2026-01-30 23:59:59","end_date_details":{"year":"2026","month":"01","day":"30","hour":"23","minutes":"59","seconds":"59"},"utc_start_date":"2025-12-09 00:00:00","utc_start_date_details":{"year":"2025","month":"12","day":"09","hour":"00","minutes":"00","seconds":"00"},"utc_end_date":"2026-01-30 23:59:59","utc_end_date_details":{"year":"2026","month":"01","day":"30","hour":"23","minutes":"59","seconds":"59"},"timezone":"UTC+0","timezone_abbr":"UTC+0","cost":"","cost_details":{"currency_symbol":"","currency_position":"suffix","values":[]},"website":"","show_map":false,"show_map_link":false,"hide_from_listings":false,"sticky":false,"featured":false,"categories":[],"tags":[{"name":"#ProgramaDetecci\u00f3Preco\u00e7C\u00e0ncerC\u00f2loniRecteBarcelona","slug":"programadeteccioprecoccancercolonirectebarcelona","term_group":0,"term_taxonomy_id":89,"taxonomy":"post_tag","description":"","parent":0,"count":7,"filter":"raw","id":89,"urls":{"self":"https:\/\/www.prevenciocolonbcn.org\/ca\/wp-json\/tribe\/events\/v1\/tags\/89","collection":"https:\/\/www.prevenciocolonbcn.org\/ca\/wp-json\/tribe\/events\/v1\/tags"}},{"name":"Barcelona","slug":"barcelona","term_group":0,"term_taxonomy_id":92,"taxonomy":"post_tag","description":"","parent":0,"count":5,"filter":"raw","id":92,"urls":{"self":"https:\/\/www.prevenciocolonbcn.org\/ca\/wp-json\/tribe\/events\/v1\/tags\/92","collection":"https:\/\/www.prevenciocolonbcn.org\/ca\/wp-json\/tribe\/events\/v1\/tags"}},{"name":"c\u00e0ncer de c\u00f2lon i recte","slug":"cancer-de-colon-i-recte","term_group":0,"term_taxonomy_id":107,"taxonomy":"post_tag","description":"","parent":0,"count":1,"filter":"raw","id":107,"urls":{"self":"https:\/\/www.prevenciocolonbcn.org\/ca\/wp-json\/tribe\/events\/v1\/tags\/107","collection":"https:\/\/www.prevenciocolonbcn.org\/ca\/wp-json\/tribe\/events\/v1\/tags"}},{"name":"Centro Hospitalario Pere Virgili","slug":"centro-hospitalario-pere-virgili","term_group":0,"term_taxonomy_id":129,"taxonomy":"post_tag","description":"","parent":0,"count":2,"filter":"raw","id":129,"urls":{"self":"https:\/\/www.prevenciocolonbcn.org\/ca\/wp-json\/tribe\/events\/v1\/tags\/129","collection":"https:\/\/www.prevenciocolonbcn.org\/ca\/wp-json\/tribe\/events\/v1\/tags"}},{"name":"farm\u00e0cies","slug":"farmacies","term_group":0,"term_taxonomy_id":109,"taxonomy":"post_tag","description":"","parent":0,"count":3,"filter":"raw","id":109,"urls":{"self":"https:\/\/www.prevenciocolonbcn.org\/ca\/wp-json\/tribe\/events\/v1\/tags\/109","collection":"https:\/\/www.prevenciocolonbcn.org\/ca\/wp-json\/tribe\/events\/v1\/tags"}},{"name":"Hospital Vall d'Hebron","slug":"hospital-vall-dhebron","term_group":0,"term_taxonomy_id":106,"taxonomy":"post_tag","description":"","parent":0,"count":4,"filter":"raw","id":106,"urls":{"self":"https:\/\/www.prevenciocolonbcn.org\/ca\/wp-json\/tribe\/events\/v1\/tags\/106","collection":"https:\/\/www.prevenciocolonbcn.org\/ca\/wp-json\/tribe\/events\/v1\/tags"}},{"name":"prenvenci\u00f3n cancer","slug":"prenvencion-cancer","term_group":0,"term_taxonomy_id":100,"taxonomy":"post_tag","description":"","parent":0,"count":3,"filter":"raw","id":100,"urls":{"self":"https:\/\/www.prevenciocolonbcn.org\/ca\/wp-json\/tribe\/events\/v1\/tags\/100","collection":"https:\/\/www.prevenciocolonbcn.org\/ca\/wp-json\/tribe\/events\/v1\/tags"}},{"name":"Vallcarca","slug":"vallcarca","term_group":0,"term_taxonomy_id":128,"taxonomy":"post_tag","description":"","parent":0,"count":1,"filter":"raw","id":128,"urls":{"self":"https:\/\/www.prevenciocolonbcn.org\/ca\/wp-json\/tribe\/events\/v1\/tags\/128","collection":"https:\/\/www.prevenciocolonbcn.org\/ca\/wp-json\/tribe\/events\/v1\/tags"}}],"venue":[],"organizer":[],"json_ld":{"@context":"http:\/\/schema.org","@type":"Event","name":"Inici del Programa a Vallcarca (5a ronda)","description":"&lt;p&gt;A mitjans de juliol s\u2019inicia l\u2019activitat del Programa a Vallcarca (6D). Des de mitjans d\\'agost de 2025 i fins a gener de 2025 es convida a tots els homes i dones de 50 a 69 anys que visquin a Vallcarca. Rebran una carta per a participar en el Programa. Juntament amb la carta d\u2019invitaci\u00f3 s\u2019envia [&hellip;]&lt;\/p&gt;\\n","url":"https:\/\/www.prevenciocolonbcn.org\/ca\/event\/https-bit-ly-4rjgnxl\/","startDate":"2025-12-09T00:00:00+00:00","endDate":"2026-01-30T23:59:59+00:00"}}